{"id":35920,"date":"2021-06-14T10:03:35","date_gmt":"2021-06-14T08:03:35","guid":{"rendered":"https:\/\/www.grandchamp.org\/?p=35920"},"modified":"2021-09-23T11:08:15","modified_gmt":"2021-09-23T09:08:15","slug":"profession-de-soeur-svenja","status":"publish","type":"post","link":"https:\/\/www.grandchamp.org\/en\/profession-de-soeur-svenja\/","title":{"rendered":"Profession de s\u0153ur Svenja"},"content":{"rendered":"\n[et_pb_section fb_built=&#8221;1&#8243; _builder_version=&#8221;4.5.6&#8243; _module_preset=&#8221;default&#8221;][et_pb_row column_structure=&#8221;1_2,1_2&#8243; _builder_version=&#8221;4.5.6&#8243; _module_preset=&#8221;default&#8221;][et_pb_column type=&#8221;1_2&#8243; _builder_version=&#8221;4.5.6&#8243; _module_preset=&#8221;default&#8221;][et_pb_image src=&#8221;https:\/\/www.grandchamp.org\/wp-content\/uploads\/2021\/06\/fp.jpeg&#8221; title_text=&#8221;fp&#8221; _builder_version=&#8221;4.5.6&#8243; _module_preset=&#8221;default&#8221;][\/et_pb_image][et_pb_text _builder_version=&#8221;4.5.6&#8243; _module_preset=&#8221;default&#8221; text_font_size=&#8221;19px&#8221;]<p><em>Oui, la vie s\u2019est manifest\u00e9e<\/em><em>.<\/em><\/p>\n<p style=\"text-align: center;\">\u00a0\u00a0\u00a0\u00a0\u00a0\u00a0\u00a0\u00a0\u00a0\u00a0\u00a0\u00a0\u00a0\u00a0\u00a0\u00a0\u00a0\u00a0\u00a0\u00a0\u00a0\u00a0\u00a0\u00a0\u00a0\u00a0\u00a0\u00a0\u00a0\u00a0\u00a0\u00a0\u00a0\u00a0\u00a0\u00a0\u00a0\u00a0\u00a0\u00a0\u00a0\u00a0 1 Jean 1\/2a<\/p>[\/et_pb_text][\/et_pb_column][et_pb_column type=&#8221;1_2&#8243; _builder_version=&#8221;4.5.6&#8243; _module_preset=&#8221;default&#8221;][et_pb_text _builder_version=&#8221;4.5.6&#8243; _module_preset=&#8221;default&#8221; text_font_size=&#8221;19px&#8221; text_orientation=&#8221;center&#8221; hover_enabled=&#8221;0&#8243;]<p>En communion avec tous ceux et celles<br \/> qui donnent leur vie<br \/> pour que l\u2019Amour soit aim\u00e9,<br \/> nous nous r\u00e9jouissons d\u2019accueillir<\/p>\n<p>Svenja Wichmann<strong> &#8211; <\/strong><strong>S\u0153ur Svenja<\/strong><\/p>\n<p>dans la Communaut\u00e9,<br \/> au nom du Christ Ressuscit\u00e9.<\/p>\n<p>La profession aura lieu<\/p>\n<p><strong>Le vendredi 6 ao\u00fbt 2021,<br \/> <\/strong><strong>f\u00eate de la Transfiguration<\/strong>, <strong>\u00e0 11 h<\/strong><\/p>\n<p>dans la chapelle de l\u2019Arche.<\/p>\n<p><span style=\"color: #800000;\">Nous vous invitons \u00e0 partager notre joie en nous rejoignant par la pri\u00e8re &#8211; <\/span><\/p>\n<p><span style=\"color: #800000;\"><span color=\"#ff2600\">\u00e0 cause des restrictions sanitaires et \u00e0 notre grand regret, les places \u00e0 l\u2019Arche sont tr\u00e8s limit\u00e9es et r\u00e9serv\u00e9es aux personnes invit\u00e9es personnellement. <\/span><\/span><\/p>\n<p><span style=\"color: #800000;\"><span color=\"#ff2600\">Nous comptons sur votre compr\u00e9hension et nous nous confions \u00e0 votre pri\u00e8re. <\/span><\/span><\/p>\n<p><span style=\"color: #800000;\"><span color=\"#ff2600\">C&#8217;est possible de suivre la transmission audio de l&#8217;eucharistie-profession en direct : <br \/><\/span><\/span><span style=\"color: #800000;\"><span color=\"#ff2600\"><a href=\"https:\/\/www.grandchamp.org\/en\/pray-in-communion-with-us\/\" style=\"color: #800000;\">https:\/\/www.grandchamp.org\/prier-avec-nous\/<\/a><\/span><\/span><span color=\"#ff2600\" style=\"box-sizing: border-box; margin: 0px; padding: 0px; border: 0px; outline: 0px; font-size: 16px; vertical-align: baseline; background-color: transparent; background-position: initial initial; background-repeat: initial initial;\"><span style=\"box-sizing: border-box; margin: 0px; padding: 0px; border: 0px; outline: 0px; font-size: 16px; vertical-align: baseline; background-color: transparent; color: #800000; background-position: initial initial; background-repeat: initial initial;\"><br \/> <\/span><\/span><\/p>\n<p><span color=\"#ff2600\" style=\"box-sizing: border-box; margin: 0px; padding: 0px; border: 0px; outline: 0px; font-size: 16px; vertical-align: baseline; background-color: transparent; background-position: initial initial; background-repeat: initial initial;\"><span style=\"box-sizing: border-box; margin: 0px; padding: 0px; border: 0px; outline: 0px; font-size: 16px; vertical-align: baseline; background-color: transparent; color: #800000; background-position: initial initial; background-repeat: initial initial;\"><\/span><\/span><\/p>[\/et_pb_text][et_pb_text _builder_version=&#8221;4.5.6&#8243; _module_preset=&#8221;default&#8221; text_font_size=&#8221;19px&#8221;]<p><em><\/em><\/p>\n<p><em><\/em><\/p>\n<p><em><\/em><\/p>\n<p><em>Je suis avec toi pour te lib\u00e9rer.<\/em><\/p>\n<p style=\"text-align: center;\">\u00a0\u00a0\u00a0\u00a0\u00a0\u00a0\u00a0\u00a0\u00a0\u00a0\u00a0\u00a0\u00a0\u00a0\u00a0\u00a0\u00a0\u00a0\u00a0\u00a0\u00a0\u00a0\u00a0\u00a0\u00a0\u00a0\u00a0\u00a0\u00a0\u00a0\u00a0\u00a0\u00a0\u00a0\u00a0\u00a0\u00a0\u00a0\u00a0\u00a0\u00a0\u00a0\u00a0\u00a0\u00a0\u00a0\u00a0\u00a0\u00a0\u00a0\u00a0 J\u00e9r\u00e9mie 1\/8b<\/p>[\/et_pb_text][\/et_pb_column][\/et_pb_row][\/et_pb_section]\n","protected":false},"excerpt":{"rendered":"<p>En communion avec tous ceux et celles<br \/>\nqui donnent leur vie<br \/>\npour que l\u2019Amour soit aim\u00e9,<br \/>\nnous nous r\u00e9jouissons d\u2019accueillir<br \/>\nSvenja Wichmann  &#8211;  S\u0153ur Svenja<br \/>\ndans la Communaut\u00e9,<br \/>\nau nom du Christ Ressuscit\u00e9.<\/p>\n","protected":false},"author":3,"featured_media":35926,"comment_status":"closed","ping_status":"open","sticky":false,"template":"","format":"standard","meta":{"_et_pb_use_builder":"on","_et_pb_old_content":"","_et_gb_content_width":"1280","jetpack_post_was_ever_published":false,"_jetpack_newsletter_access":"","_jetpack_dont_email_post_to_subs":false,"_jetpack_newsletter_tier_id":0,"_jetpack_memberships_contains_paywalled_content":false,"_jetpack_memberships_contains_paid_content":false,"footnotes":""},"categories":[28],"tags":[],"class_list":["post-35920","post","type-post","status-publish","format-standard","has-post-thumbnail","hentry","category-uncategorized"],"yoast_head":"<!-- This site is optimized with the Yoast SEO plugin v27.1.1 - https:\/\/yoast.com\/product\/yoast-seo-wordpress\/ -->\n<title>Profession de s\u0153ur Svenja | Communaut\u00e9 de Grandchamp<\/title>\n<meta name=\"robots\" content=\"index, follow, max-snippet:-1, max-image-preview:large, max-video-preview:-1\" \/>\n<link rel=\"canonical\" href=\"https:\/\/www.grandchamp.org\/en\/profession-de-soeur-svenja\/\" \/>\n<meta property=\"og:locale\" content=\"en_US\" \/>\n<meta property=\"og:type\" content=\"article\" \/>\n<meta property=\"og:title\" content=\"Profession de s\u0153ur Svenja | Communaut\u00e9 de Grandchamp\" \/>\n<meta property=\"og:description\" content=\"En communion avec tous ceux et celles qui donnent leur vie pour que l\u2019Amour soit aim\u00e9, nous nous r\u00e9jouissons d\u2019accueillir Svenja Wichmann - S\u0153ur Svenja dans la Communaut\u00e9, au nom du Christ Ressuscit\u00e9.\" \/>\n<meta property=\"og:url\" content=\"https:\/\/www.grandchamp.org\/en\/profession-de-soeur-svenja\/\" \/>\n<meta property=\"og:site_name\" content=\"Communaut\u00e9 de Grandchamp\" \/>\n<meta property=\"article:publisher\" content=\"https:\/\/www.facebook.com\/communautedegrandchamp\/\" \/>\n<meta property=\"article:published_time\" content=\"2021-06-14T08:03:35+00:00\" \/>\n<meta property=\"article:modified_time\" content=\"2021-09-23T09:08:15+00:00\" \/>\n<meta property=\"og:image\" content=\"https:\/\/i0.wp.com\/www.grandchamp.org\/wp-content\/uploads\/2021\/06\/fp16x9.jpg?fit=1080%2C608&ssl=1\" \/>\n\t<meta property=\"og:image:width\" content=\"1080\" \/>\n\t<meta property=\"og:image:height\" content=\"608\" \/>\n\t<meta property=\"og:image:type\" content=\"image\/jpeg\" \/>\n<meta name=\"author\" content=\"Soeur Embla\" \/>\n<meta name=\"twitter:card\" content=\"summary_large_image\" \/>\n<meta name=\"twitter:label1\" content=\"Written by\" \/>\n\t<meta name=\"twitter:data1\" content=\"Soeur Embla\" \/>\n\t<meta name=\"twitter:label2\" content=\"Est. reading time\" \/>\n\t<meta name=\"twitter:data2\" content=\"1 minute\" \/>\n<script type=\"application\/ld+json\" class=\"yoast-schema-graph\">{\"@context\":\"https:\/\/schema.org\",\"@graph\":[{\"@type\":\"Article\",\"@id\":\"https:\/\/www.grandchamp.org\/en\/profession-de-soeur-svenja\/#article\",\"isPartOf\":{\"@id\":\"https:\/\/www.grandchamp.org\/en\/profession-de-soeur-svenja\/\"},\"author\":{\"name\":\"Soeur Embla\",\"@id\":\"https:\/\/www.grandchamp.org\/#\/schema\/person\/ba492f53bed3c462a080d86f4dc47bd4\"},\"headline\":\"Profession de s\u0153ur Svenja\",\"datePublished\":\"2021-06-14T08:03:35+00:00\",\"dateModified\":\"2021-09-23T09:08:15+00:00\",\"mainEntityOfPage\":{\"@id\":\"https:\/\/www.grandchamp.org\/en\/profession-de-soeur-svenja\/\"},\"wordCount\":277,\"publisher\":{\"@id\":\"https:\/\/www.grandchamp.org\/#organization\"},\"image\":{\"@id\":\"https:\/\/www.grandchamp.org\/en\/profession-de-soeur-svenja\/#primaryimage\"},\"thumbnailUrl\":\"https:\/\/i0.wp.com\/www.grandchamp.org\/wp-content\/uploads\/2021\/06\/fp16x9.jpg?fit=1080%2C608&ssl=1\",\"inLanguage\":\"en-US\"},{\"@type\":\"WebPage\",\"@id\":\"https:\/\/www.grandchamp.org\/en\/profession-de-soeur-svenja\/\",\"url\":\"https:\/\/www.grandchamp.org\/en\/profession-de-soeur-svenja\/\",\"name\":\"Profession de s\u0153ur Svenja | Communaut\u00e9 de Grandchamp\",\"isPartOf\":{\"@id\":\"https:\/\/www.grandchamp.org\/#website\"},\"primaryImageOfPage\":{\"@id\":\"https:\/\/www.grandchamp.org\/en\/profession-de-soeur-svenja\/#primaryimage\"},\"image\":{\"@id\":\"https:\/\/www.grandchamp.org\/en\/profession-de-soeur-svenja\/#primaryimage\"},\"thumbnailUrl\":\"https:\/\/i0.wp.com\/www.grandchamp.org\/wp-content\/uploads\/2021\/06\/fp16x9.jpg?fit=1080%2C608&ssl=1\",\"datePublished\":\"2021-06-14T08:03:35+00:00\",\"dateModified\":\"2021-09-23T09:08:15+00:00\",\"breadcrumb\":{\"@id\":\"https:\/\/www.grandchamp.org\/en\/profession-de-soeur-svenja\/#breadcrumb\"},\"inLanguage\":\"en-US\",\"potentialAction\":[{\"@type\":\"ReadAction\",\"target\":[\"https:\/\/www.grandchamp.org\/en\/profession-de-soeur-svenja\/\"]}]},{\"@type\":\"ImageObject\",\"inLanguage\":\"en-US\",\"@id\":\"https:\/\/www.grandchamp.org\/en\/profession-de-soeur-svenja\/#primaryimage\",\"url\":\"https:\/\/i0.wp.com\/www.grandchamp.org\/wp-content\/uploads\/2021\/06\/fp16x9.jpg?fit=1080%2C608&ssl=1\",\"contentUrl\":\"https:\/\/i0.wp.com\/www.grandchamp.org\/wp-content\/uploads\/2021\/06\/fp16x9.jpg?fit=1080%2C608&ssl=1\",\"width\":1080,\"height\":608},{\"@type\":\"BreadcrumbList\",\"@id\":\"https:\/\/www.grandchamp.org\/en\/profession-de-soeur-svenja\/#breadcrumb\",\"itemListElement\":[{\"@type\":\"ListItem\",\"position\":1,\"name\":\"Home\",\"item\":\"https:\/\/www.grandchamp.org\/\"},{\"@type\":\"ListItem\",\"position\":2,\"name\":\"Profession de s\u0153ur Svenja\"}]},{\"@type\":\"WebSite\",\"@id\":\"https:\/\/www.grandchamp.org\/#website\",\"url\":\"https:\/\/www.grandchamp.org\/\",\"name\":\"Communaut\u00e9 de Grandchamp\",\"description\":\"Site de la Communaut\u00e9 de Grandchamp \u00e0 Areuse, Suisse\",\"publisher\":{\"@id\":\"https:\/\/www.grandchamp.org\/#organization\"},\"potentialAction\":[{\"@type\":\"SearchAction\",\"target\":{\"@type\":\"EntryPoint\",\"urlTemplate\":\"https:\/\/www.grandchamp.org\/?s={search_term_string}\"},\"query-input\":{\"@type\":\"PropertyValueSpecification\",\"valueRequired\":true,\"valueName\":\"search_term_string\"}}],\"inLanguage\":\"en-US\"},{\"@type\":\"Organization\",\"@id\":\"https:\/\/www.grandchamp.org\/#organization\",\"name\":\"Communaut\u00e9 de Grandchamp\",\"url\":\"https:\/\/www.grandchamp.org\/\",\"logo\":{\"@type\":\"ImageObject\",\"inLanguage\":\"en-US\",\"@id\":\"https:\/\/www.grandchamp.org\/#\/schema\/logo\/image\/\",\"url\":\"https:\/\/i0.wp.com\/www.grandchamp.org\/wp-content\/uploads\/2015\/12\/Communaute\u0301_Grandchamp_logodef_QUADRI.jpg?fit=2105%2C1152&ssl=1\",\"contentUrl\":\"https:\/\/i0.wp.com\/www.grandchamp.org\/wp-content\/uploads\/2015\/12\/Communaute\u0301_Grandchamp_logodef_QUADRI.jpg?fit=2105%2C1152&ssl=1\",\"width\":2105,\"height\":1152,\"caption\":\"Communaut\u00e9 de Grandchamp\"},\"image\":{\"@id\":\"https:\/\/www.grandchamp.org\/#\/schema\/logo\/image\/\"},\"sameAs\":[\"https:\/\/www.facebook.com\/communautedegrandchamp\/\"]},{\"@type\":\"Person\",\"@id\":\"https:\/\/www.grandchamp.org\/#\/schema\/person\/ba492f53bed3c462a080d86f4dc47bd4\",\"name\":\"Soeur Embla\",\"image\":{\"@type\":\"ImageObject\",\"inLanguage\":\"en-US\",\"@id\":\"https:\/\/www.grandchamp.org\/#\/schema\/person\/image\/\",\"url\":\"https:\/\/secure.gravatar.com\/avatar\/d75f05d37f1ead7b3f929695d38bded2ae0768566ab2917a5814a5fd10be7f38?s=96&d=mm&r=g\",\"contentUrl\":\"https:\/\/secure.gravatar.com\/avatar\/d75f05d37f1ead7b3f929695d38bded2ae0768566ab2917a5814a5fd10be7f38?s=96&d=mm&r=g\",\"caption\":\"Soeur Embla\"}}]}<\/script>\n<!-- \/ Yoast SEO plugin. -->","yoast_head_json":{"title":"Profession de s\u0153ur Svenja | Communaut\u00e9 de Grandchamp","robots":{"index":"index","follow":"follow","max-snippet":"max-snippet:-1","max-image-preview":"max-image-preview:large","max-video-preview":"max-video-preview:-1"},"canonical":"https:\/\/www.grandchamp.org\/en\/profession-de-soeur-svenja\/","og_locale":"en_US","og_type":"article","og_title":"Profession de s\u0153ur Svenja | Communaut\u00e9 de Grandchamp","og_description":"En communion avec tous ceux et celles qui donnent leur vie pour que l\u2019Amour soit aim\u00e9, nous nous r\u00e9jouissons d\u2019accueillir Svenja Wichmann - S\u0153ur Svenja dans la Communaut\u00e9, au nom du Christ Ressuscit\u00e9.","og_url":"https:\/\/www.grandchamp.org\/en\/profession-de-soeur-svenja\/","og_site_name":"Communaut\u00e9 de Grandchamp","article_publisher":"https:\/\/www.facebook.com\/communautedegrandchamp\/","article_published_time":"2021-06-14T08:03:35+00:00","article_modified_time":"2021-09-23T09:08:15+00:00","og_image":[{"width":1080,"height":608,"url":"https:\/\/i0.wp.com\/www.grandchamp.org\/wp-content\/uploads\/2021\/06\/fp16x9.jpg?fit=1080%2C608&ssl=1","type":"image\/jpeg"}],"author":"Soeur Embla","twitter_card":"summary_large_image","twitter_misc":{"Written by":"Soeur Embla","Est. reading time":"1 minute"},"schema":{"@context":"https:\/\/schema.org","@graph":[{"@type":"Article","@id":"https:\/\/www.grandchamp.org\/en\/profession-de-soeur-svenja\/#article","isPartOf":{"@id":"https:\/\/www.grandchamp.org\/en\/profession-de-soeur-svenja\/"},"author":{"name":"Soeur Embla","@id":"https:\/\/www.grandchamp.org\/#\/schema\/person\/ba492f53bed3c462a080d86f4dc47bd4"},"headline":"Profession de s\u0153ur Svenja","datePublished":"2021-06-14T08:03:35+00:00","dateModified":"2021-09-23T09:08:15+00:00","mainEntityOfPage":{"@id":"https:\/\/www.grandchamp.org\/en\/profession-de-soeur-svenja\/"},"wordCount":277,"publisher":{"@id":"https:\/\/www.grandchamp.org\/#organization"},"image":{"@id":"https:\/\/www.grandchamp.org\/en\/profession-de-soeur-svenja\/#primaryimage"},"thumbnailUrl":"https:\/\/i0.wp.com\/www.grandchamp.org\/wp-content\/uploads\/2021\/06\/fp16x9.jpg?fit=1080%2C608&ssl=1","inLanguage":"en-US"},{"@type":"WebPage","@id":"https:\/\/www.grandchamp.org\/en\/profession-de-soeur-svenja\/","url":"https:\/\/www.grandchamp.org\/en\/profession-de-soeur-svenja\/","name":"Profession de s\u0153ur Svenja | Communaut\u00e9 de Grandchamp","isPartOf":{"@id":"https:\/\/www.grandchamp.org\/#website"},"primaryImageOfPage":{"@id":"https:\/\/www.grandchamp.org\/en\/profession-de-soeur-svenja\/#primaryimage"},"image":{"@id":"https:\/\/www.grandchamp.org\/en\/profession-de-soeur-svenja\/#primaryimage"},"thumbnailUrl":"https:\/\/i0.wp.com\/www.grandchamp.org\/wp-content\/uploads\/2021\/06\/fp16x9.jpg?fit=1080%2C608&ssl=1","datePublished":"2021-06-14T08:03:35+00:00","dateModified":"2021-09-23T09:08:15+00:00","breadcrumb":{"@id":"https:\/\/www.grandchamp.org\/en\/profession-de-soeur-svenja\/#breadcrumb"},"inLanguage":"en-US","potentialAction":[{"@type":"ReadAction","target":["https:\/\/www.grandchamp.org\/en\/profession-de-soeur-svenja\/"]}]},{"@type":"ImageObject","inLanguage":"en-US","@id":"https:\/\/www.grandchamp.org\/en\/profession-de-soeur-svenja\/#primaryimage","url":"https:\/\/i0.wp.com\/www.grandchamp.org\/wp-content\/uploads\/2021\/06\/fp16x9.jpg?fit=1080%2C608&ssl=1","contentUrl":"https:\/\/i0.wp.com\/www.grandchamp.org\/wp-content\/uploads\/2021\/06\/fp16x9.jpg?fit=1080%2C608&ssl=1","width":1080,"height":608},{"@type":"BreadcrumbList","@id":"https:\/\/www.grandchamp.org\/en\/profession-de-soeur-svenja\/#breadcrumb","itemListElement":[{"@type":"ListItem","position":1,"name":"Home","item":"https:\/\/www.grandchamp.org\/"},{"@type":"ListItem","position":2,"name":"Profession de s\u0153ur Svenja"}]},{"@type":"WebSite","@id":"https:\/\/www.grandchamp.org\/#website","url":"https:\/\/www.grandchamp.org\/","name":"Communaut\u00e9 de Grandchamp","description":"Site de la Communaut\u00e9 de Grandchamp \u00e0 Areuse, Suisse","publisher":{"@id":"https:\/\/www.grandchamp.org\/#organization"},"potentialAction":[{"@type":"SearchAction","target":{"@type":"EntryPoint","urlTemplate":"https:\/\/www.grandchamp.org\/?s={search_term_string}"},"query-input":{"@type":"PropertyValueSpecification","valueRequired":true,"valueName":"search_term_string"}}],"inLanguage":"en-US"},{"@type":"Organization","@id":"https:\/\/www.grandchamp.org\/#organization","name":"Communaut\u00e9 de Grandchamp","url":"https:\/\/www.grandchamp.org\/","logo":{"@type":"ImageObject","inLanguage":"en-US","@id":"https:\/\/www.grandchamp.org\/#\/schema\/logo\/image\/","url":"https:\/\/i0.wp.com\/www.grandchamp.org\/wp-content\/uploads\/2015\/12\/Communaute\u0301_Grandchamp_logodef_QUADRI.jpg?fit=2105%2C1152&ssl=1","contentUrl":"https:\/\/i0.wp.com\/www.grandchamp.org\/wp-content\/uploads\/2015\/12\/Communaute\u0301_Grandchamp_logodef_QUADRI.jpg?fit=2105%2C1152&ssl=1","width":2105,"height":1152,"caption":"Communaut\u00e9 de Grandchamp"},"image":{"@id":"https:\/\/www.grandchamp.org\/#\/schema\/logo\/image\/"},"sameAs":["https:\/\/www.facebook.com\/communautedegrandchamp\/"]},{"@type":"Person","@id":"https:\/\/www.grandchamp.org\/#\/schema\/person\/ba492f53bed3c462a080d86f4dc47bd4","name":"Soeur Embla","image":{"@type":"ImageObject","inLanguage":"en-US","@id":"https:\/\/www.grandchamp.org\/#\/schema\/person\/image\/","url":"https:\/\/secure.gravatar.com\/avatar\/d75f05d37f1ead7b3f929695d38bded2ae0768566ab2917a5814a5fd10be7f38?s=96&d=mm&r=g","contentUrl":"https:\/\/secure.gravatar.com\/avatar\/d75f05d37f1ead7b3f929695d38bded2ae0768566ab2917a5814a5fd10be7f38?s=96&d=mm&r=g","caption":"Soeur Embla"}}]}},"jetpack_featured_media_url":"https:\/\/i0.wp.com\/www.grandchamp.org\/wp-content\/uploads\/2021\/06\/fp16x9.jpg?fit=1080%2C608&ssl=1","jetpack_shortlink":"https:\/\/wp.me\/p7jU1J-9lm","jetpack_sharing_enabled":true,"_links":{"self":[{"href":"https:\/\/www.grandchamp.org\/en\/wp-json\/wp\/v2\/posts\/35920","targetHints":{"allow":["GET"]}}],"collection":[{"href":"https:\/\/www.grandchamp.org\/en\/wp-json\/wp\/v2\/posts"}],"about":[{"href":"https:\/\/www.grandchamp.org\/en\/wp-json\/wp\/v2\/types\/post"}],"author":[{"embeddable":true,"href":"https:\/\/www.grandchamp.org\/en\/wp-json\/wp\/v2\/users\/3"}],"replies":[{"embeddable":true,"href":"https:\/\/www.grandchamp.org\/en\/wp-json\/wp\/v2\/comments?post=35920"}],"version-history":[{"count":4,"href":"https:\/\/www.grandchamp.org\/en\/wp-json\/wp\/v2\/posts\/35920\/revisions"}],"predecessor-version":[{"id":36540,"href":"https:\/\/www.grandchamp.org\/en\/wp-json\/wp\/v2\/posts\/35920\/revisions\/36540"}],"wp:featuredmedia":[{"embeddable":true,"href":"https:\/\/www.grandchamp.org\/en\/wp-json\/wp\/v2\/media\/35926"}],"wp:attachment":[{"href":"https:\/\/www.grandchamp.org\/en\/wp-json\/wp\/v2\/media?parent=35920"}],"wp:term":[{"taxonomy":"category","embeddable":true,"href":"https:\/\/www.grandchamp.org\/en\/wp-json\/wp\/v2\/categories?post=35920"},{"taxonomy":"post_tag","embeddable":true,"href":"https:\/\/www.grandchamp.org\/en\/wp-json\/wp\/v2\/tags?post=35920"}],"curies":[{"name":"wp","href":"https:\/\/api.w.org\/{rel}","templated":true}]}}