{"id":14445,"date":"2018-05-02T15:57:24","date_gmt":"2018-05-02T13:57:24","guid":{"rendered":"http:\/\/www.grandchamp.org\/?p=14445"},"modified":"2018-08-08T17:43:00","modified_gmt":"2018-08-08T15:43:00","slug":"soeur-paule","status":"publish","type":"post","link":"https:\/\/www.grandchamp.org\/nl\/soeur-paule\/","title":{"rendered":"Soeur Paule"},"content":{"rendered":"<p>[et_pb_section fb_built=&#8221;1&#8243; _builder_version=&#8221;3.0.47&#8243;][et_pb_row _builder_version=&#8221;3.0.47&#8243; background_size=&#8221;initial&#8221; background_position=&#8221;top_left&#8221; background_repeat=&#8221;repeat&#8221;][et_pb_column type=&#8221;1_2&#8243; _builder_version=&#8221;3.0.47&#8243; parallax=&#8221;off&#8221; parallax_method=&#8221;on&#8221;][et_pb_text _builder_version=&#8221;3.0.105&#8243;]<\/p>\n<p>&nbsp;<\/p>\n<p style=\"text-align: center;\"><span style=\"font-size: large;\">Dans la lumi\u00e8re de la R\u00e9surrection,<\/span><br \/>\n<span style=\"font-size: large;\"> <strong>S\u0153ur Paule<br \/>\n<\/strong>Jeanne Paule Triboulet<\/span><br \/>\n<span style=\"font-size: large;\"> est entr\u00e9e dans la paix et la joie de son Seigneur<\/span><br \/>\n<span style=\"font-size: large;\"> le 1er mai 2018, \u00e0 l\u2019\u00e2ge de 85 ans.<\/span><\/p>\n<p>&nbsp;<\/p>\n<p style=\"text-align: center;\"><span style=\"font-size: large;\">Dans une profonde reconnaissance pour le don de sa vie, et gratitude \u00e0 l\u2019\u00e9quipe soignante de la Lorraine.<\/span><br \/>\n<span style=\"font-size: large;\"> <em>Les s\u0153urs de Grandchamp<\/em><\/span><\/p>\n<p>[\/et_pb_text][\/et_pb_column][et_pb_column type=&#8221;1_2&#8243; _builder_version=&#8221;3.0.47&#8243; parallax=&#8221;off&#8221; parallax_method=&#8221;on&#8221;][et_pb_text _builder_version=&#8221;3.0.105&#8243;]<\/p>\n<p style=\"text-align: right;\"><em>\u2026 Je m\u2019\u00e9lance pour t\u00e2cher de le saisir,<br \/>\n<\/em><em>parce que j\u2019ai \u00e9t\u00e9 saisi moi-m\u00eame par J\u00e9sus Christ.<br \/>\n<\/em><em>Phil. 3, 12<\/em><\/p>\n<p><a href=\"https:\/\/i0.wp.com\/www.grandchamp.org\/wp-content\/uploads\/2018\/05\/Paule.jpg\"><img data-recalc-dims=\"1\" loading=\"lazy\" decoding=\"async\" class=\"size-medium wp-image-14457 alignright\" src=\"https:\/\/i0.wp.com\/www.grandchamp.org\/wp-content\/uploads\/2018\/05\/Paule-211x300.jpg?resize=211%2C300\" alt=\"\" width=\"211\" height=\"300\" srcset=\"https:\/\/i0.wp.com\/www.grandchamp.org\/wp-content\/uploads\/2018\/05\/Paule.jpg?resize=211%2C300&amp;ssl=1 211w, https:\/\/i0.wp.com\/www.grandchamp.org\/wp-content\/uploads\/2018\/05\/Paule.jpg?w=702&amp;ssl=1 702w\" sizes=\"(max-width: 211px) 100vw, 211px\" \/><\/a><br \/>\n[\/et_pb_text][\/et_pb_column][\/et_pb_row][et_pb_row custom_padding=&#8221;0px|0px|27px|0px&#8221; _builder_version=&#8221;3.0.47&#8243; background_size=&#8221;initial&#8221; background_position=&#8221;top_left&#8221; background_repeat=&#8221;repeat&#8221;][et_pb_column type=&#8221;4_4&#8243; _builder_version=&#8221;3.0.47&#8243; parallax=&#8221;off&#8221; parallax_method=&#8221;on&#8221;][et_pb_text _builder_version=&#8221;3.0.105&#8243;]<\/p>\n<p style=\"text-align: right;\"><em>Rien ne pourra nous s\u00e9parer de l\u2019amour de Dieu<br \/>\n<\/em><em>Rom. 8, 39<\/em><\/p>\n<p>[\/et_pb_text][\/et_pb_column][\/et_pb_row][et_pb_row _builder_version=&#8221;3.0.47&#8243; background_size=&#8221;initial&#8221; background_position=&#8221;top_left&#8221; background_repeat=&#8221;repeat&#8221; custom_padding=&#8221;0px|0px|27px|0px&#8221;][et_pb_column type=&#8221;4_4&#8243; _builder_version=&#8221;3.0.47&#8243; parallax=&#8221;off&#8221; parallax_method=&#8221;on&#8221;][et_pb_text _builder_version=&#8221;3.0.105&#8243;]<span style=\"font-size: large;\">Le culte de r\u00e9surrection sera c\u00e9l\u00e9br\u00e9 \u00e0 la chapelle de l\u2019Arche \u00e0 Grandchamp, 2015 Areuse, le\u00a0lundi 7 mai 2018 \u00e0 <strong>13h45.<br \/>\n<\/strong>Enterrement au cimeti\u00e8re de Boudry \u00e0 15h30.<\/span><br \/>\n[\/et_pb_text][\/et_pb_column][\/et_pb_row][\/et_pb_section]<\/p>\n","protected":false},"excerpt":{"rendered":"<p>&#8220;\u2026 Je m\u2019\u00e9lance pour t\u00e2cher de le saisir, parce que j\u2019ai \u00e9t\u00e9 saisi moi-m\u00eame par J\u00e9sus Christ.&#8221; (Phil. 3, 12) Dans la lumi\u00e8re de la R\u00e9surrection, S\u0153ur Paule est entr\u00e9e dans la paix et la joie de son Seigneur le 1er mai 2018, \u00e0 l\u2019\u00e2ge de 85 ans.<\/p>\n","protected":false},"author":7,"featured_media":14875,"comment_status":"open","ping_status":"open","sticky":false,"template":"","format":"standard","meta":{"_et_pb_use_builder":"on","_et_pb_old_content":"","_et_gb_content_width":"","jetpack_post_was_ever_published":false,"_jetpack_newsletter_access":"","_jetpack_dont_email_post_to_subs":false,"_jetpack_newsletter_tier_id":0,"_jetpack_memberships_contains_paywalled_content":false,"_jetpack_memberships_contains_paid_content":false,"footnotes":""},"categories":[27],"tags":[],"class_list":["post-14445","post","type-post","status-publish","format-standard","has-post-thumbnail","hentry","category-geen-onderdeel-van-een-categorie"],"yoast_head":"<!-- This site is optimized with the Yoast SEO plugin v27.1.1 - https:\/\/yoast.com\/product\/yoast-seo-wordpress\/ -->\n<title>Soeur Paule | Communaut\u00e9 de Grandchamp<\/title>\n<meta name=\"robots\" content=\"index, follow, max-snippet:-1, max-image-preview:large, max-video-preview:-1\" \/>\n<link rel=\"canonical\" href=\"https:\/\/www.grandchamp.org\/nl\/soeur-paule\/\" \/>\n<meta property=\"og:locale\" content=\"nl_NL\" \/>\n<meta property=\"og:type\" content=\"article\" \/>\n<meta property=\"og:title\" content=\"Soeur Paule | Communaut\u00e9 de Grandchamp\" \/>\n<meta property=\"og:description\" content=\"&quot;\u2026 Je m\u2019\u00e9lance pour t\u00e2cher de le saisir, parce que j\u2019ai \u00e9t\u00e9 saisi moi-m\u00eame par J\u00e9sus Christ.&quot; (Phil. 3, 12) Dans la lumi\u00e8re de la R\u00e9surrection, S\u0153ur Paule est entr\u00e9e dans la paix et la joie de son Seigneur le 1er mai 2018, \u00e0 l\u2019\u00e2ge de 85 ans.\" \/>\n<meta property=\"og:url\" content=\"https:\/\/www.grandchamp.org\/nl\/soeur-paule\/\" \/>\n<meta property=\"og:site_name\" content=\"Communaut\u00e9 de Grandchamp\" \/>\n<meta property=\"article:publisher\" content=\"https:\/\/www.facebook.com\/communautedegrandchamp\/\" \/>\n<meta property=\"article:published_time\" content=\"2018-05-02T13:57:24+00:00\" \/>\n<meta property=\"article:modified_time\" content=\"2018-08-08T15:43:00+00:00\" \/>\n<meta property=\"og:image\" content=\"https:\/\/i0.wp.com\/www.grandchamp.org\/wp-content\/uploads\/2018\/05\/soeur-Paule-600x372.jpg?fit=600%2C372&ssl=1\" \/>\n\t<meta property=\"og:image:width\" content=\"600\" \/>\n\t<meta property=\"og:image:height\" content=\"372\" \/>\n\t<meta property=\"og:image:type\" content=\"image\/jpeg\" \/>\n<meta name=\"author\" content=\"s. Anna-Guna\" \/>\n<meta name=\"twitter:card\" content=\"summary_large_image\" \/>\n<meta name=\"twitter:label1\" content=\"Geschreven door\" \/>\n\t<meta name=\"twitter:data1\" content=\"s. Anna-Guna\" \/>\n\t<meta name=\"twitter:label2\" content=\"Geschatte leestijd\" \/>\n\t<meta name=\"twitter:data2\" content=\"1 minuut\" \/>\n<script type=\"application\/ld+json\" class=\"yoast-schema-graph\">{\"@context\":\"https:\/\/schema.org\",\"@graph\":[{\"@type\":\"Article\",\"@id\":\"https:\/\/www.grandchamp.org\/nl\/soeur-paule\/#article\",\"isPartOf\":{\"@id\":\"https:\/\/www.grandchamp.org\/nl\/soeur-paule\/\"},\"author\":{\"name\":\"s. Anna-Guna\",\"@id\":\"https:\/\/www.grandchamp.org\/#\/schema\/person\/b1e836a701b56f930c065992bc060b78\"},\"headline\":\"Soeur Paule\",\"datePublished\":\"2018-05-02T13:57:24+00:00\",\"dateModified\":\"2018-08-08T15:43:00+00:00\",\"mainEntityOfPage\":{\"@id\":\"https:\/\/www.grandchamp.org\/nl\/soeur-paule\/\"},\"wordCount\":285,\"commentCount\":0,\"publisher\":{\"@id\":\"https:\/\/www.grandchamp.org\/#organization\"},\"image\":{\"@id\":\"https:\/\/www.grandchamp.org\/nl\/soeur-paule\/#primaryimage\"},\"thumbnailUrl\":\"https:\/\/i0.wp.com\/www.grandchamp.org\/wp-content\/uploads\/2018\/05\/soeur-Paule-600x372.jpg?fit=600%2C372&ssl=1\",\"articleSection\":[\"Geen onderdeel van een categorie\"],\"inLanguage\":\"nl-NL\",\"potentialAction\":[{\"@type\":\"CommentAction\",\"name\":\"Comment\",\"target\":[\"https:\/\/www.grandchamp.org\/nl\/soeur-paule\/#respond\"]}]},{\"@type\":\"WebPage\",\"@id\":\"https:\/\/www.grandchamp.org\/nl\/soeur-paule\/\",\"url\":\"https:\/\/www.grandchamp.org\/nl\/soeur-paule\/\",\"name\":\"Soeur Paule | Communaut\u00e9 de Grandchamp\",\"isPartOf\":{\"@id\":\"https:\/\/www.grandchamp.org\/#website\"},\"primaryImageOfPage\":{\"@id\":\"https:\/\/www.grandchamp.org\/nl\/soeur-paule\/#primaryimage\"},\"image\":{\"@id\":\"https:\/\/www.grandchamp.org\/nl\/soeur-paule\/#primaryimage\"},\"thumbnailUrl\":\"https:\/\/i0.wp.com\/www.grandchamp.org\/wp-content\/uploads\/2018\/05\/soeur-Paule-600x372.jpg?fit=600%2C372&ssl=1\",\"datePublished\":\"2018-05-02T13:57:24+00:00\",\"dateModified\":\"2018-08-08T15:43:00+00:00\",\"breadcrumb\":{\"@id\":\"https:\/\/www.grandchamp.org\/nl\/soeur-paule\/#breadcrumb\"},\"inLanguage\":\"nl-NL\",\"potentialAction\":[{\"@type\":\"ReadAction\",\"target\":[\"https:\/\/www.grandchamp.org\/nl\/soeur-paule\/\"]}]},{\"@type\":\"ImageObject\",\"inLanguage\":\"nl-NL\",\"@id\":\"https:\/\/www.grandchamp.org\/nl\/soeur-paule\/#primaryimage\",\"url\":\"https:\/\/i0.wp.com\/www.grandchamp.org\/wp-content\/uploads\/2018\/05\/soeur-Paule-600x372.jpg?fit=600%2C372&ssl=1\",\"contentUrl\":\"https:\/\/i0.wp.com\/www.grandchamp.org\/wp-content\/uploads\/2018\/05\/soeur-Paule-600x372.jpg?fit=600%2C372&ssl=1\",\"width\":600,\"height\":372},{\"@type\":\"BreadcrumbList\",\"@id\":\"https:\/\/www.grandchamp.org\/nl\/soeur-paule\/#breadcrumb\",\"itemListElement\":[{\"@type\":\"ListItem\",\"position\":1,\"name\":\"Home\",\"item\":\"https:\/\/www.grandchamp.org\/\"},{\"@type\":\"ListItem\",\"position\":2,\"name\":\"Soeur Paule\"}]},{\"@type\":\"WebSite\",\"@id\":\"https:\/\/www.grandchamp.org\/#website\",\"url\":\"https:\/\/www.grandchamp.org\/\",\"name\":\"Communaut\u00e9 de Grandchamp\",\"description\":\"Site de la Communaut\u00e9 de Grandchamp \u00e0 Areuse, Suisse\",\"publisher\":{\"@id\":\"https:\/\/www.grandchamp.org\/#organization\"},\"potentialAction\":[{\"@type\":\"SearchAction\",\"target\":{\"@type\":\"EntryPoint\",\"urlTemplate\":\"https:\/\/www.grandchamp.org\/?s={search_term_string}\"},\"query-input\":{\"@type\":\"PropertyValueSpecification\",\"valueRequired\":true,\"valueName\":\"search_term_string\"}}],\"inLanguage\":\"nl-NL\"},{\"@type\":\"Organization\",\"@id\":\"https:\/\/www.grandchamp.org\/#organization\",\"name\":\"Communaut\u00e9 de Grandchamp\",\"url\":\"https:\/\/www.grandchamp.org\/\",\"logo\":{\"@type\":\"ImageObject\",\"inLanguage\":\"nl-NL\",\"@id\":\"https:\/\/www.grandchamp.org\/#\/schema\/logo\/image\/\",\"url\":\"https:\/\/i0.wp.com\/www.grandchamp.org\/wp-content\/uploads\/2015\/12\/Communaute\u0301_Grandchamp_logodef_QUADRI.jpg?fit=2105%2C1152&ssl=1\",\"contentUrl\":\"https:\/\/i0.wp.com\/www.grandchamp.org\/wp-content\/uploads\/2015\/12\/Communaute\u0301_Grandchamp_logodef_QUADRI.jpg?fit=2105%2C1152&ssl=1\",\"width\":2105,\"height\":1152,\"caption\":\"Communaut\u00e9 de Grandchamp\"},\"image\":{\"@id\":\"https:\/\/www.grandchamp.org\/#\/schema\/logo\/image\/\"},\"sameAs\":[\"https:\/\/www.facebook.com\/communautedegrandchamp\/\"]},{\"@type\":\"Person\",\"@id\":\"https:\/\/www.grandchamp.org\/#\/schema\/person\/b1e836a701b56f930c065992bc060b78\",\"name\":\"s. Anna-Guna\",\"image\":{\"@type\":\"ImageObject\",\"inLanguage\":\"nl-NL\",\"@id\":\"https:\/\/www.grandchamp.org\/#\/schema\/person\/image\/\",\"url\":\"https:\/\/secure.gravatar.com\/avatar\/8e31df7e7b1cb0964633ea3056e9557103bf68fcb19e5eccb4c666bb822ddec9?s=96&d=mm&r=g\",\"contentUrl\":\"https:\/\/secure.gravatar.com\/avatar\/8e31df7e7b1cb0964633ea3056e9557103bf68fcb19e5eccb4c666bb822ddec9?s=96&d=mm&r=g\",\"caption\":\"s. Anna-Guna\"}}]}<\/script>\n<!-- \/ Yoast SEO plugin. -->","yoast_head_json":{"title":"Soeur Paule | Communaut\u00e9 de Grandchamp","robots":{"index":"index","follow":"follow","max-snippet":"max-snippet:-1","max-image-preview":"max-image-preview:large","max-video-preview":"max-video-preview:-1"},"canonical":"https:\/\/www.grandchamp.org\/nl\/soeur-paule\/","og_locale":"nl_NL","og_type":"article","og_title":"Soeur Paule | Communaut\u00e9 de Grandchamp","og_description":"\"\u2026 Je m\u2019\u00e9lance pour t\u00e2cher de le saisir, parce que j\u2019ai \u00e9t\u00e9 saisi moi-m\u00eame par J\u00e9sus Christ.\" (Phil. 3, 12) Dans la lumi\u00e8re de la R\u00e9surrection, S\u0153ur Paule est entr\u00e9e dans la paix et la joie de son Seigneur le 1er mai 2018, \u00e0 l\u2019\u00e2ge de 85 ans.","og_url":"https:\/\/www.grandchamp.org\/nl\/soeur-paule\/","og_site_name":"Communaut\u00e9 de Grandchamp","article_publisher":"https:\/\/www.facebook.com\/communautedegrandchamp\/","article_published_time":"2018-05-02T13:57:24+00:00","article_modified_time":"2018-08-08T15:43:00+00:00","og_image":[{"width":600,"height":372,"url":"https:\/\/i0.wp.com\/www.grandchamp.org\/wp-content\/uploads\/2018\/05\/soeur-Paule-600x372.jpg?fit=600%2C372&ssl=1","type":"image\/jpeg"}],"author":"s. Anna-Guna","twitter_card":"summary_large_image","twitter_misc":{"Geschreven door":"s. Anna-Guna","Geschatte leestijd":"1 minuut"},"schema":{"@context":"https:\/\/schema.org","@graph":[{"@type":"Article","@id":"https:\/\/www.grandchamp.org\/nl\/soeur-paule\/#article","isPartOf":{"@id":"https:\/\/www.grandchamp.org\/nl\/soeur-paule\/"},"author":{"name":"s. Anna-Guna","@id":"https:\/\/www.grandchamp.org\/#\/schema\/person\/b1e836a701b56f930c065992bc060b78"},"headline":"Soeur Paule","datePublished":"2018-05-02T13:57:24+00:00","dateModified":"2018-08-08T15:43:00+00:00","mainEntityOfPage":{"@id":"https:\/\/www.grandchamp.org\/nl\/soeur-paule\/"},"wordCount":285,"commentCount":0,"publisher":{"@id":"https:\/\/www.grandchamp.org\/#organization"},"image":{"@id":"https:\/\/www.grandchamp.org\/nl\/soeur-paule\/#primaryimage"},"thumbnailUrl":"https:\/\/i0.wp.com\/www.grandchamp.org\/wp-content\/uploads\/2018\/05\/soeur-Paule-600x372.jpg?fit=600%2C372&ssl=1","articleSection":["Geen onderdeel van een categorie"],"inLanguage":"nl-NL","potentialAction":[{"@type":"CommentAction","name":"Comment","target":["https:\/\/www.grandchamp.org\/nl\/soeur-paule\/#respond"]}]},{"@type":"WebPage","@id":"https:\/\/www.grandchamp.org\/nl\/soeur-paule\/","url":"https:\/\/www.grandchamp.org\/nl\/soeur-paule\/","name":"Soeur Paule | Communaut\u00e9 de Grandchamp","isPartOf":{"@id":"https:\/\/www.grandchamp.org\/#website"},"primaryImageOfPage":{"@id":"https:\/\/www.grandchamp.org\/nl\/soeur-paule\/#primaryimage"},"image":{"@id":"https:\/\/www.grandchamp.org\/nl\/soeur-paule\/#primaryimage"},"thumbnailUrl":"https:\/\/i0.wp.com\/www.grandchamp.org\/wp-content\/uploads\/2018\/05\/soeur-Paule-600x372.jpg?fit=600%2C372&ssl=1","datePublished":"2018-05-02T13:57:24+00:00","dateModified":"2018-08-08T15:43:00+00:00","breadcrumb":{"@id":"https:\/\/www.grandchamp.org\/nl\/soeur-paule\/#breadcrumb"},"inLanguage":"nl-NL","potentialAction":[{"@type":"ReadAction","target":["https:\/\/www.grandchamp.org\/nl\/soeur-paule\/"]}]},{"@type":"ImageObject","inLanguage":"nl-NL","@id":"https:\/\/www.grandchamp.org\/nl\/soeur-paule\/#primaryimage","url":"https:\/\/i0.wp.com\/www.grandchamp.org\/wp-content\/uploads\/2018\/05\/soeur-Paule-600x372.jpg?fit=600%2C372&ssl=1","contentUrl":"https:\/\/i0.wp.com\/www.grandchamp.org\/wp-content\/uploads\/2018\/05\/soeur-Paule-600x372.jpg?fit=600%2C372&ssl=1","width":600,"height":372},{"@type":"BreadcrumbList","@id":"https:\/\/www.grandchamp.org\/nl\/soeur-paule\/#breadcrumb","itemListElement":[{"@type":"ListItem","position":1,"name":"Home","item":"https:\/\/www.grandchamp.org\/"},{"@type":"ListItem","position":2,"name":"Soeur Paule"}]},{"@type":"WebSite","@id":"https:\/\/www.grandchamp.org\/#website","url":"https:\/\/www.grandchamp.org\/","name":"Communaut\u00e9 de Grandchamp","description":"Site de la Communaut\u00e9 de Grandchamp \u00e0 Areuse, Suisse","publisher":{"@id":"https:\/\/www.grandchamp.org\/#organization"},"potentialAction":[{"@type":"SearchAction","target":{"@type":"EntryPoint","urlTemplate":"https:\/\/www.grandchamp.org\/?s={search_term_string}"},"query-input":{"@type":"PropertyValueSpecification","valueRequired":true,"valueName":"search_term_string"}}],"inLanguage":"nl-NL"},{"@type":"Organization","@id":"https:\/\/www.grandchamp.org\/#organization","name":"Communaut\u00e9 de Grandchamp","url":"https:\/\/www.grandchamp.org\/","logo":{"@type":"ImageObject","inLanguage":"nl-NL","@id":"https:\/\/www.grandchamp.org\/#\/schema\/logo\/image\/","url":"https:\/\/i0.wp.com\/www.grandchamp.org\/wp-content\/uploads\/2015\/12\/Communaute\u0301_Grandchamp_logodef_QUADRI.jpg?fit=2105%2C1152&ssl=1","contentUrl":"https:\/\/i0.wp.com\/www.grandchamp.org\/wp-content\/uploads\/2015\/12\/Communaute\u0301_Grandchamp_logodef_QUADRI.jpg?fit=2105%2C1152&ssl=1","width":2105,"height":1152,"caption":"Communaut\u00e9 de Grandchamp"},"image":{"@id":"https:\/\/www.grandchamp.org\/#\/schema\/logo\/image\/"},"sameAs":["https:\/\/www.facebook.com\/communautedegrandchamp\/"]},{"@type":"Person","@id":"https:\/\/www.grandchamp.org\/#\/schema\/person\/b1e836a701b56f930c065992bc060b78","name":"s. Anna-Guna","image":{"@type":"ImageObject","inLanguage":"nl-NL","@id":"https:\/\/www.grandchamp.org\/#\/schema\/person\/image\/","url":"https:\/\/secure.gravatar.com\/avatar\/8e31df7e7b1cb0964633ea3056e9557103bf68fcb19e5eccb4c666bb822ddec9?s=96&d=mm&r=g","contentUrl":"https:\/\/secure.gravatar.com\/avatar\/8e31df7e7b1cb0964633ea3056e9557103bf68fcb19e5eccb4c666bb822ddec9?s=96&d=mm&r=g","caption":"s. Anna-Guna"}}]}},"jetpack_featured_media_url":"https:\/\/i0.wp.com\/www.grandchamp.org\/wp-content\/uploads\/2018\/05\/soeur-Paule-600x372.jpg?fit=600%2C372&ssl=1","jetpack_shortlink":"https:\/\/wp.me\/p7jU1J-3KZ","jetpack_sharing_enabled":true,"_links":{"self":[{"href":"https:\/\/www.grandchamp.org\/nl\/wp-json\/wp\/v2\/posts\/14445","targetHints":{"allow":["GET"]}}],"collection":[{"href":"https:\/\/www.grandchamp.org\/nl\/wp-json\/wp\/v2\/posts"}],"about":[{"href":"https:\/\/www.grandchamp.org\/nl\/wp-json\/wp\/v2\/types\/post"}],"author":[{"embeddable":true,"href":"https:\/\/www.grandchamp.org\/nl\/wp-json\/wp\/v2\/users\/7"}],"replies":[{"embeddable":true,"href":"https:\/\/www.grandchamp.org\/nl\/wp-json\/wp\/v2\/comments?post=14445"}],"version-history":[{"count":16,"href":"https:\/\/www.grandchamp.org\/nl\/wp-json\/wp\/v2\/posts\/14445\/revisions"}],"predecessor-version":[{"id":14880,"href":"https:\/\/www.grandchamp.org\/nl\/wp-json\/wp\/v2\/posts\/14445\/revisions\/14880"}],"wp:featuredmedia":[{"embeddable":true,"href":"https:\/\/www.grandchamp.org\/nl\/wp-json\/wp\/v2\/media\/14875"}],"wp:attachment":[{"href":"https:\/\/www.grandchamp.org\/nl\/wp-json\/wp\/v2\/media?parent=14445"}],"wp:term":[{"taxonomy":"category","embeddable":true,"href":"https:\/\/www.grandchamp.org\/nl\/wp-json\/wp\/v2\/categories?post=14445"},{"taxonomy":"post_tag","embeddable":true,"href":"https:\/\/www.grandchamp.org\/nl\/wp-json\/wp\/v2\/tags?post=14445"}],"curies":[{"name":"wp","href":"https:\/\/api.w.org\/{rel}","templated":true}]}}