{"id":18575,"date":"2018-11-30T14:54:32","date_gmt":"2018-11-30T13:54:32","guid":{"rendered":"https:\/\/www.grandchamp.org\/homelie-par-la-pasteure-lucette-woungly-massaga-le-29-avril-2018-le-dimanche-des-adieux\/"},"modified":"2018-11-30T14:54:33","modified_gmt":"2018-11-30T13:54:33","slug":"homelie-par-la-pasteure-lucette-woungly-massaga-le-29-avril-2018-le-dimanche-des-adieux","status":"publish","type":"post","link":"https:\/\/www.grandchamp.org\/nl\/homelie-par-la-pasteure-lucette-woungly-massaga-le-29-avril-2018-le-dimanche-des-adieux\/","title":{"rendered":"Overweging van pastores Lucette Woungly-Massaga op 29 april 2018, zondag van het Afscheid nemen"},"content":{"rendered":"<p>[et_pb_section bb_built=&#8221;1&#8243;][et_pb_row][et_pb_column type=&#8221;4_4&#8243;][et_pb_text _builder_version=&#8221;3.0.105&#8243; background_layout=&#8221;light&#8221;]<em>Han 9,26-31; 1 Joh 3,18-24; Joh 14,1-12<\/em><\/p>\n<p><img data-recalc-dims=\"1\" loading=\"lazy\" decoding=\"async\" class=\"alignright size-medium wp-image-4236\" src=\"https:\/\/i0.wp.com\/www.grandchamp.org\/wp-content\/uploads\/2016\/03\/priere-6-printemps-300x225.jpg?resize=300%2C225\" alt=\"\" width=\"300\" height=\"225\" srcset=\"https:\/\/i0.wp.com\/www.grandchamp.org\/wp-content\/uploads\/2016\/03\/priere-6-printemps.jpg?resize=300%2C225&amp;ssl=1 300w, https:\/\/i0.wp.com\/www.grandchamp.org\/wp-content\/uploads\/2016\/03\/priere-6-printemps.jpg?resize=768%2C576&amp;ssl=1 768w, https:\/\/i0.wp.com\/www.grandchamp.org\/wp-content\/uploads\/2016\/03\/priere-6-printemps.jpg?w=1000&amp;ssl=1 1000w\" sizes=\"(max-width: 300px) 100vw, 300px\" \/>Midden in de paastijd, zogenaamd \u2018tijd van het afscheid nemen\u2019, dompelt het Evangelie ons weer onder in de drukkende sfeer van de arrestatie van Jezus. De leerlingen worden steeds ongeruster. Jezus troost hen en lijkt de plaats aan te duiden waar hij naar toe gaat, door hen te zeggen: \u2018<em>In het huis van mijn Vader, zijn veel kamers\u2026zou ik anders gezegd hebben dat ik een plaats voor jullie gereed zal maken? Jullie kennen de weg naar waar ik heen ga.\u2019 <\/em>Is dit geen beschrijving van de plaats waar we ons terug zullen vinden met de Verrezene nabij de Vader? Is deze tekst trouwens ook heden-ten-dage niet bedoeld om rouwende families te troosten?<br \/>\n<em>Bij nadere inspectie, krijg ik de indruk dat ik voor een \u2018trompe-l\u2019oeil\u2019 sta \u2013 <\/em><em>\u00e9\u00e9n van die schijnvertoningen die zo goed zijn dat je op het punt staat een deurkruk te pakken om open te doen terwijl het om een schilderij gaat. De blik wordt zo strek aangetrokken door deze <\/em><em>\u2018trompe-l\u2019oeil\u2019 dat je niet meer op andere dingen let. Het huis van de Vader met zijn vele kamers, kan ik me heel goed voorstellen \u2013 ik heb alleen de adresgegevens nodig zodat ik het op de kaart kan vinden of \u2013 beter nog \u2013 mijn (hemelse!) tomtom erop instellen. Ik voel me in een situatie als Thomas: \u2018Heer, wij weten niet eens waar u naartoe gaat, hoe zouden we dan de weg daarheen kunnen weten?\u2019 Hoe kon Jezus nu zeggen: \u2018Jullie kennen de weg naar waar ik heen ga\u2019.<br \/>\n<\/em><em>In feite gaat het niet over een plek in de ruimte\u00a0! Ondanks alles wat Jezus over deze plek zegt waar hij naar toe gaat om hem klaar te maken, de plaats waarheen hij zijn leerlingen zal leiden, die hij in zal nemen zodat ze samen kunnen zijn. Het vervolg brengt ons heel ergens anders! Op de vraag van Thomas, hoe de weg te kennen, antwoordt Jezus: \u2018Ik ben de weg, de waarheid en het leven\u2019.<br \/>\n<\/em>Deze welbekende uitspraak bevat dit IK BEN dat herinnert aan de (onuitspreekbare) naam waarmee God aan Mozes verschijnt. Jezus verandert de setting en onthult wie hij is. Er is geen sprake meer van plaatsbepaling maar van een verband tussen God en Jezus, een relatie tussen de Vader en de Zoon.<br \/>\nOm de Vader te benaderen, hoeven de leerlingen geen traject door te lopen, ze hoeven alleen deze man te ontdekken, deze Jezus die hen heeft geroepen en die met hen mee reist. Het gaat erom hem te kennen en te erkennen wie hij is: \u2018<em>Als jullie mij kennen, kennen jullie ook mijn Vader. Van nu af aan kennen jullie hem en hebben jullie hem gezien\u2019.<br \/>\n<\/em>Erkennen wie Jezus is, is een geloofskwestie. Geloof in hem, zoals hij aan het begin zei, voordat er sprake was van <em>\u2018dichtbij zijn Vader wonen\u2019 <\/em>\u2013 maar dit woord is ongemerkt voorbij gegaan, bezorgd als we zijn om de weg te ontdekken die ons tot de Vader brengt. Hij zei: \u2018<em>Wees niet ongerust, maar vertrouw op God en op mij\u2019.(Joh 14,1)<br \/>\n<\/em><em>Jezus trekt duidelijk een parallel met zijn vader\u00a0: vertrouw ook op mij! Wezenlijke oproep! Op de laatste avond, als alles ineen lijkt te storten en de twijfel toe dreigt te slaan, worden de leerlingen uitgenodigd de samenhang te erkennen tussen hun Meester en God, en op hem \u2013 deze met de dood bedreigde Jezus &#8211; te vertrouwen: <\/em><em>Wees niet ongerust, maar vertrouw op God en op mij\u2019.(Joh 14,1)<\/em><em><br \/>\n<\/em><em>Jezus nodigt uit in <strong>Hem <\/strong>te geloven, te erkennen <strong>wie <\/strong>hij is, maar vooral te erkennen wat zijn <strong>relatie <\/strong>met God is. Dat is wat telt! Het geloof in Jezus is het enige wat iemand die bij de Vader wil wonen, nodig heeft: erkennen dat God aanwezig is, aan hun zijde\u2026.en niet in de hemel aan het eind van een lang en moeizaam parcours. Ik ben al zo lang bij jullie en toch heb je me niet herkend, Philippus! Wie mij gezien heeft, heeft de Vader gezien. Waarom zeg je: \u2018Laat ons de Vader zien?\u2019<br \/>\n<\/em>Deze bevestiging veroorzaakt kortsluiting tussen alle gebaande paden om het heil te bereiken of tot God te komen. Wegen die be\u00efnvloed zijn door onze inspanningen, en zo het \u2018<em>Christelijk etiketje\u2019 <\/em>op kregen geplakt. En dat verklaart de uitspraak van Jezus dat <em>\u2018niemand tot de vader kan komen, dan door mij<\/em>\u2019. Het gaat er niet om andere wegen uit te sluiten. Als dat wel zo was, zo het verontrustend zijn, want dat sluit alle interreligieuze dialoog uit (hoewel dat in die dagen helemaal geen issue was!) Maar het is een uitnodiging om te ontdekken dat God al aanwezig is. En de Vader heeft het \u2018aanwezig zijn van deze Aanwezigheid\u2019 bevestigt door zijn Zoon uit de dood te laten verrijzen.<br \/>\n<em>In Jezus geloven, <\/em>is dus erkennen dat hij <strong><em>de <\/em><\/strong><em>weg<\/em> is, die tot een relatie met de Vader leidt, die hem <strong><em>aanwezig maakt. <\/em><\/strong>Dat was niet duidelijk voor zijn kruisiging en zijn opstanding. Dat is ook niet duidelijk voor vele tijdgenoten, die best in God geloven, maar niet weten wat ze met Jezus aan moeten (en die toch willen dat hun kinderen gedoopt worden).<br \/>\n<em>Ik ben de weg \u2013 <\/em>Jezus is ook de weg naar de goddelijke Aanwezigheid, zoals hij die heeft geleefd\u00a0: naar eenzelfde ouder-kind relatie, in navolging van zijn manier van leven. Deze innerlijke weg\/ontwikkeling vraagt in de eerste plaats van een gelovige om het openstaan voor een diepgaande overeenstemming; een overeenstemming zoals tussen Jezus en zijn Vader, ouder-kindrelatie, banden van wederzijdse liefde.<\/p>\n<p><em>De weg van Jezus volgen, <\/em>en daardoor drager van de kracht van de Vader worden, maakt deze diepe overeenstemming aanwezig in de wereld. Zoals hij zei: <em>\u2018de Vader, die in mij blijft, doet zijn werk door mij. Waarachtig, ik verzeker jullie: wie op mij vertrouwt zal hetzelfde doen als ik, en zelfs meer dan dat, ik ga immers naar de Vader. (Joh 14,10)<br \/>\n<\/em>Het mysterie van de overeenstemming en de verbintenis in ons leven, vertegenwoordigers en getuigen van het volle Leven zoals de Vader het gewild heeft en de Zoon het heeft ingesteld, door de Kracht van de Heilige Geest. Op deze zondag van het Afscheid nemen (van God?), herinnert ons het Evangelie eraan dat Christus ons aanbiedt te delen in een leven zoals hij,en daardoor <strong>in God, <\/strong>vanaf dit moment.<br \/>\nAlleluia \u2013 Amen[\/et_pb_text][\/et_pb_column][\/et_pb_row][\/et_pb_section]<\/p>\n","protected":false},"excerpt":{"rendered":"<p>Om de Vader te benaderen, hoeven de leerlingen geen traject door te lopen, ze hoeven alleen deze man te ontdekken, deze Jezus die hen heeft geroepen en die met hen mee reist. Het gaat erom hem te kennen en te erkennen wie hij is: \u2018Als jullie mij kennen, kennen jullie ook mijn Vader. Van nu af aan kennen jullie hem en hebben jullie hem gezien\u2019.<\/p>\n","protected":false},"author":7,"featured_media":4237,"comment_status":"open","ping_status":"open","sticky":false,"template":"","format":"standard","meta":{"_et_pb_use_builder":"on","_et_pb_old_content":"","_et_gb_content_width":"","jetpack_post_was_ever_published":false,"_jetpack_newsletter_access":"","_jetpack_dont_email_post_to_subs":false,"_jetpack_newsletter_tier_id":0,"_jetpack_memberships_contains_paywalled_content":false,"_jetpack_memberships_contains_paid_content":false,"footnotes":""},"categories":[71],"tags":[],"class_list":["post-18575","post","type-post","status-publish","format-standard","has-post-thumbnail","hentry","category-meditations-nl"],"yoast_head":"<!-- This site is optimized with the Yoast SEO plugin v27.1.1 - https:\/\/yoast.com\/product\/yoast-seo-wordpress\/ -->\n<title>Overweging van pastores Lucette Woungly-Massaga op 29 april 2018, zondag van het Afscheid nemen | Communaut\u00e9 de Grandchamp<\/title>\n<meta name=\"robots\" content=\"index, follow, max-snippet:-1, max-image-preview:large, max-video-preview:-1\" \/>\n<link rel=\"canonical\" href=\"https:\/\/www.grandchamp.org\/nl\/homelie-par-la-pasteure-lucette-woungly-massaga-le-29-avril-2018-le-dimanche-des-adieux\/\" \/>\n<meta property=\"og:locale\" content=\"nl_NL\" \/>\n<meta property=\"og:type\" content=\"article\" \/>\n<meta property=\"og:title\" content=\"Overweging van pastores Lucette Woungly-Massaga op 29 april 2018, zondag van het Afscheid nemen | Communaut\u00e9 de Grandchamp\" \/>\n<meta property=\"og:description\" content=\"Om de Vader te benaderen, hoeven de leerlingen geen traject door te lopen, ze hoeven alleen deze man te ontdekken, deze Jezus die hen heeft geroepen en die met hen mee reist. Het gaat erom hem te kennen en te erkennen wie hij is: \u2018Als jullie mij kennen, kennen jullie ook mijn Vader. Van nu af aan kennen jullie hem en hebben jullie hem gezien\u2019.\" \/>\n<meta property=\"og:url\" content=\"https:\/\/www.grandchamp.org\/nl\/homelie-par-la-pasteure-lucette-woungly-massaga-le-29-avril-2018-le-dimanche-des-adieux\/\" \/>\n<meta property=\"og:site_name\" content=\"Communaut\u00e9 de Grandchamp\" \/>\n<meta property=\"article:publisher\" content=\"https:\/\/www.facebook.com\/communautedegrandchamp\/\" \/>\n<meta property=\"article:published_time\" content=\"2018-11-30T13:54:32+00:00\" \/>\n<meta property=\"article:modified_time\" content=\"2018-11-30T13:54:33+00:00\" \/>\n<meta property=\"og:image\" content=\"https:\/\/i0.wp.com\/www.grandchamp.org\/wp-content\/uploads\/2016\/03\/priere-6-printemps.jpg?fit=1000%2C750&ssl=1\" \/>\n\t<meta property=\"og:image:width\" content=\"1000\" \/>\n\t<meta property=\"og:image:height\" content=\"750\" \/>\n\t<meta property=\"og:image:type\" content=\"image\/jpeg\" \/>\n<meta name=\"author\" content=\"s. Anna-Guna\" \/>\n<meta name=\"twitter:card\" content=\"summary_large_image\" \/>\n<meta name=\"twitter:label1\" content=\"Geschreven door\" \/>\n\t<meta name=\"twitter:data1\" content=\"s. Anna-Guna\" \/>\n\t<meta name=\"twitter:label2\" content=\"Geschatte leestijd\" \/>\n\t<meta name=\"twitter:data2\" content=\"5 minuten\" \/>\n<script type=\"application\/ld+json\" class=\"yoast-schema-graph\">{\"@context\":\"https:\/\/schema.org\",\"@graph\":[{\"@type\":\"Article\",\"@id\":\"https:\/\/www.grandchamp.org\/nl\/homelie-par-la-pasteure-lucette-woungly-massaga-le-29-avril-2018-le-dimanche-des-adieux\/#article\",\"isPartOf\":{\"@id\":\"https:\/\/www.grandchamp.org\/nl\/homelie-par-la-pasteure-lucette-woungly-massaga-le-29-avril-2018-le-dimanche-des-adieux\/\"},\"author\":{\"name\":\"s. Anna-Guna\",\"@id\":\"https:\/\/www.grandchamp.org\/#\/schema\/person\/b1e836a701b56f930c065992bc060b78\"},\"headline\":\"Overweging van pastores Lucette Woungly-Massaga op 29 april 2018, zondag van het Afscheid nemen\",\"datePublished\":\"2018-11-30T13:54:32+00:00\",\"dateModified\":\"2018-11-30T13:54:33+00:00\",\"mainEntityOfPage\":{\"@id\":\"https:\/\/www.grandchamp.org\/nl\/homelie-par-la-pasteure-lucette-woungly-massaga-le-29-avril-2018-le-dimanche-des-adieux\/\"},\"wordCount\":1090,\"commentCount\":0,\"publisher\":{\"@id\":\"https:\/\/www.grandchamp.org\/#organization\"},\"image\":{\"@id\":\"https:\/\/www.grandchamp.org\/nl\/homelie-par-la-pasteure-lucette-woungly-massaga-le-29-avril-2018-le-dimanche-des-adieux\/#primaryimage\"},\"thumbnailUrl\":\"https:\/\/i0.wp.com\/www.grandchamp.org\/wp-content\/uploads\/2016\/03\/priere-6-printemps.jpg?fit=1000%2C750&ssl=1\",\"articleSection\":[\"Hom\u00e9lies et textes spirituelles\"],\"inLanguage\":\"nl-NL\",\"potentialAction\":[{\"@type\":\"CommentAction\",\"name\":\"Comment\",\"target\":[\"https:\/\/www.grandchamp.org\/nl\/homelie-par-la-pasteure-lucette-woungly-massaga-le-29-avril-2018-le-dimanche-des-adieux\/#respond\"]}]},{\"@type\":\"WebPage\",\"@id\":\"https:\/\/www.grandchamp.org\/nl\/homelie-par-la-pasteure-lucette-woungly-massaga-le-29-avril-2018-le-dimanche-des-adieux\/\",\"url\":\"https:\/\/www.grandchamp.org\/nl\/homelie-par-la-pasteure-lucette-woungly-massaga-le-29-avril-2018-le-dimanche-des-adieux\/\",\"name\":\"Overweging van pastores Lucette Woungly-Massaga op 29 april 2018, zondag van het Afscheid nemen | Communaut\u00e9 de Grandchamp\",\"isPartOf\":{\"@id\":\"https:\/\/www.grandchamp.org\/#website\"},\"primaryImageOfPage\":{\"@id\":\"https:\/\/www.grandchamp.org\/nl\/homelie-par-la-pasteure-lucette-woungly-massaga-le-29-avril-2018-le-dimanche-des-adieux\/#primaryimage\"},\"image\":{\"@id\":\"https:\/\/www.grandchamp.org\/nl\/homelie-par-la-pasteure-lucette-woungly-massaga-le-29-avril-2018-le-dimanche-des-adieux\/#primaryimage\"},\"thumbnailUrl\":\"https:\/\/i0.wp.com\/www.grandchamp.org\/wp-content\/uploads\/2016\/03\/priere-6-printemps.jpg?fit=1000%2C750&ssl=1\",\"datePublished\":\"2018-11-30T13:54:32+00:00\",\"dateModified\":\"2018-11-30T13:54:33+00:00\",\"breadcrumb\":{\"@id\":\"https:\/\/www.grandchamp.org\/nl\/homelie-par-la-pasteure-lucette-woungly-massaga-le-29-avril-2018-le-dimanche-des-adieux\/#breadcrumb\"},\"inLanguage\":\"nl-NL\",\"potentialAction\":[{\"@type\":\"ReadAction\",\"target\":[\"https:\/\/www.grandchamp.org\/nl\/homelie-par-la-pasteure-lucette-woungly-massaga-le-29-avril-2018-le-dimanche-des-adieux\/\"]}]},{\"@type\":\"ImageObject\",\"inLanguage\":\"nl-NL\",\"@id\":\"https:\/\/www.grandchamp.org\/nl\/homelie-par-la-pasteure-lucette-woungly-massaga-le-29-avril-2018-le-dimanche-des-adieux\/#primaryimage\",\"url\":\"https:\/\/i0.wp.com\/www.grandchamp.org\/wp-content\/uploads\/2016\/03\/priere-6-printemps.jpg?fit=1000%2C750&ssl=1\",\"contentUrl\":\"https:\/\/i0.wp.com\/www.grandchamp.org\/wp-content\/uploads\/2016\/03\/priere-6-printemps.jpg?fit=1000%2C750&ssl=1\",\"width\":1000,\"height\":750},{\"@type\":\"BreadcrumbList\",\"@id\":\"https:\/\/www.grandchamp.org\/nl\/homelie-par-la-pasteure-lucette-woungly-massaga-le-29-avril-2018-le-dimanche-des-adieux\/#breadcrumb\",\"itemListElement\":[{\"@type\":\"ListItem\",\"position\":1,\"name\":\"Home\",\"item\":\"https:\/\/www.grandchamp.org\/\"},{\"@type\":\"ListItem\",\"position\":2,\"name\":\"Overweging van pastores Lucette Woungly-Massaga op 29 april 2018, zondag van het Afscheid nemen\"}]},{\"@type\":\"WebSite\",\"@id\":\"https:\/\/www.grandchamp.org\/#website\",\"url\":\"https:\/\/www.grandchamp.org\/\",\"name\":\"Communaut\u00e9 de Grandchamp\",\"description\":\"Site de la Communaut\u00e9 de Grandchamp \u00e0 Areuse, Suisse\",\"publisher\":{\"@id\":\"https:\/\/www.grandchamp.org\/#organization\"},\"potentialAction\":[{\"@type\":\"SearchAction\",\"target\":{\"@type\":\"EntryPoint\",\"urlTemplate\":\"https:\/\/www.grandchamp.org\/?s={search_term_string}\"},\"query-input\":{\"@type\":\"PropertyValueSpecification\",\"valueRequired\":true,\"valueName\":\"search_term_string\"}}],\"inLanguage\":\"nl-NL\"},{\"@type\":\"Organization\",\"@id\":\"https:\/\/www.grandchamp.org\/#organization\",\"name\":\"Communaut\u00e9 de Grandchamp\",\"url\":\"https:\/\/www.grandchamp.org\/\",\"logo\":{\"@type\":\"ImageObject\",\"inLanguage\":\"nl-NL\",\"@id\":\"https:\/\/www.grandchamp.org\/#\/schema\/logo\/image\/\",\"url\":\"https:\/\/i0.wp.com\/www.grandchamp.org\/wp-content\/uploads\/2015\/12\/Communaute\u0301_Grandchamp_logodef_QUADRI.jpg?fit=2105%2C1152&ssl=1\",\"contentUrl\":\"https:\/\/i0.wp.com\/www.grandchamp.org\/wp-content\/uploads\/2015\/12\/Communaute\u0301_Grandchamp_logodef_QUADRI.jpg?fit=2105%2C1152&ssl=1\",\"width\":2105,\"height\":1152,\"caption\":\"Communaut\u00e9 de Grandchamp\"},\"image\":{\"@id\":\"https:\/\/www.grandchamp.org\/#\/schema\/logo\/image\/\"},\"sameAs\":[\"https:\/\/www.facebook.com\/communautedegrandchamp\/\"]},{\"@type\":\"Person\",\"@id\":\"https:\/\/www.grandchamp.org\/#\/schema\/person\/b1e836a701b56f930c065992bc060b78\",\"name\":\"s. Anna-Guna\",\"image\":{\"@type\":\"ImageObject\",\"inLanguage\":\"nl-NL\",\"@id\":\"https:\/\/www.grandchamp.org\/#\/schema\/person\/image\/\",\"url\":\"https:\/\/secure.gravatar.com\/avatar\/8e31df7e7b1cb0964633ea3056e9557103bf68fcb19e5eccb4c666bb822ddec9?s=96&d=mm&r=g\",\"contentUrl\":\"https:\/\/secure.gravatar.com\/avatar\/8e31df7e7b1cb0964633ea3056e9557103bf68fcb19e5eccb4c666bb822ddec9?s=96&d=mm&r=g\",\"caption\":\"s. Anna-Guna\"}}]}<\/script>\n<!-- \/ Yoast SEO plugin. -->","yoast_head_json":{"title":"Overweging van pastores Lucette Woungly-Massaga op 29 april 2018, zondag van het Afscheid nemen | Communaut\u00e9 de Grandchamp","robots":{"index":"index","follow":"follow","max-snippet":"max-snippet:-1","max-image-preview":"max-image-preview:large","max-video-preview":"max-video-preview:-1"},"canonical":"https:\/\/www.grandchamp.org\/nl\/homelie-par-la-pasteure-lucette-woungly-massaga-le-29-avril-2018-le-dimanche-des-adieux\/","og_locale":"nl_NL","og_type":"article","og_title":"Overweging van pastores Lucette Woungly-Massaga op 29 april 2018, zondag van het Afscheid nemen | Communaut\u00e9 de Grandchamp","og_description":"Om de Vader te benaderen, hoeven de leerlingen geen traject door te lopen, ze hoeven alleen deze man te ontdekken, deze Jezus die hen heeft geroepen en die met hen mee reist. Het gaat erom hem te kennen en te erkennen wie hij is: \u2018Als jullie mij kennen, kennen jullie ook mijn Vader. Van nu af aan kennen jullie hem en hebben jullie hem gezien\u2019.","og_url":"https:\/\/www.grandchamp.org\/nl\/homelie-par-la-pasteure-lucette-woungly-massaga-le-29-avril-2018-le-dimanche-des-adieux\/","og_site_name":"Communaut\u00e9 de Grandchamp","article_publisher":"https:\/\/www.facebook.com\/communautedegrandchamp\/","article_published_time":"2018-11-30T13:54:32+00:00","article_modified_time":"2018-11-30T13:54:33+00:00","og_image":[{"width":1000,"height":750,"url":"https:\/\/i0.wp.com\/www.grandchamp.org\/wp-content\/uploads\/2016\/03\/priere-6-printemps.jpg?fit=1000%2C750&ssl=1","type":"image\/jpeg"}],"author":"s. Anna-Guna","twitter_card":"summary_large_image","twitter_misc":{"Geschreven door":"s. Anna-Guna","Geschatte leestijd":"5 minuten"},"schema":{"@context":"https:\/\/schema.org","@graph":[{"@type":"Article","@id":"https:\/\/www.grandchamp.org\/nl\/homelie-par-la-pasteure-lucette-woungly-massaga-le-29-avril-2018-le-dimanche-des-adieux\/#article","isPartOf":{"@id":"https:\/\/www.grandchamp.org\/nl\/homelie-par-la-pasteure-lucette-woungly-massaga-le-29-avril-2018-le-dimanche-des-adieux\/"},"author":{"name":"s. Anna-Guna","@id":"https:\/\/www.grandchamp.org\/#\/schema\/person\/b1e836a701b56f930c065992bc060b78"},"headline":"Overweging van pastores Lucette Woungly-Massaga op 29 april 2018, zondag van het Afscheid nemen","datePublished":"2018-11-30T13:54:32+00:00","dateModified":"2018-11-30T13:54:33+00:00","mainEntityOfPage":{"@id":"https:\/\/www.grandchamp.org\/nl\/homelie-par-la-pasteure-lucette-woungly-massaga-le-29-avril-2018-le-dimanche-des-adieux\/"},"wordCount":1090,"commentCount":0,"publisher":{"@id":"https:\/\/www.grandchamp.org\/#organization"},"image":{"@id":"https:\/\/www.grandchamp.org\/nl\/homelie-par-la-pasteure-lucette-woungly-massaga-le-29-avril-2018-le-dimanche-des-adieux\/#primaryimage"},"thumbnailUrl":"https:\/\/i0.wp.com\/www.grandchamp.org\/wp-content\/uploads\/2016\/03\/priere-6-printemps.jpg?fit=1000%2C750&ssl=1","articleSection":["Hom\u00e9lies et textes spirituelles"],"inLanguage":"nl-NL","potentialAction":[{"@type":"CommentAction","name":"Comment","target":["https:\/\/www.grandchamp.org\/nl\/homelie-par-la-pasteure-lucette-woungly-massaga-le-29-avril-2018-le-dimanche-des-adieux\/#respond"]}]},{"@type":"WebPage","@id":"https:\/\/www.grandchamp.org\/nl\/homelie-par-la-pasteure-lucette-woungly-massaga-le-29-avril-2018-le-dimanche-des-adieux\/","url":"https:\/\/www.grandchamp.org\/nl\/homelie-par-la-pasteure-lucette-woungly-massaga-le-29-avril-2018-le-dimanche-des-adieux\/","name":"Overweging van pastores Lucette Woungly-Massaga op 29 april 2018, zondag van het Afscheid nemen | Communaut\u00e9 de Grandchamp","isPartOf":{"@id":"https:\/\/www.grandchamp.org\/#website"},"primaryImageOfPage":{"@id":"https:\/\/www.grandchamp.org\/nl\/homelie-par-la-pasteure-lucette-woungly-massaga-le-29-avril-2018-le-dimanche-des-adieux\/#primaryimage"},"image":{"@id":"https:\/\/www.grandchamp.org\/nl\/homelie-par-la-pasteure-lucette-woungly-massaga-le-29-avril-2018-le-dimanche-des-adieux\/#primaryimage"},"thumbnailUrl":"https:\/\/i0.wp.com\/www.grandchamp.org\/wp-content\/uploads\/2016\/03\/priere-6-printemps.jpg?fit=1000%2C750&ssl=1","datePublished":"2018-11-30T13:54:32+00:00","dateModified":"2018-11-30T13:54:33+00:00","breadcrumb":{"@id":"https:\/\/www.grandchamp.org\/nl\/homelie-par-la-pasteure-lucette-woungly-massaga-le-29-avril-2018-le-dimanche-des-adieux\/#breadcrumb"},"inLanguage":"nl-NL","potentialAction":[{"@type":"ReadAction","target":["https:\/\/www.grandchamp.org\/nl\/homelie-par-la-pasteure-lucette-woungly-massaga-le-29-avril-2018-le-dimanche-des-adieux\/"]}]},{"@type":"ImageObject","inLanguage":"nl-NL","@id":"https:\/\/www.grandchamp.org\/nl\/homelie-par-la-pasteure-lucette-woungly-massaga-le-29-avril-2018-le-dimanche-des-adieux\/#primaryimage","url":"https:\/\/i0.wp.com\/www.grandchamp.org\/wp-content\/uploads\/2016\/03\/priere-6-printemps.jpg?fit=1000%2C750&ssl=1","contentUrl":"https:\/\/i0.wp.com\/www.grandchamp.org\/wp-content\/uploads\/2016\/03\/priere-6-printemps.jpg?fit=1000%2C750&ssl=1","width":1000,"height":750},{"@type":"BreadcrumbList","@id":"https:\/\/www.grandchamp.org\/nl\/homelie-par-la-pasteure-lucette-woungly-massaga-le-29-avril-2018-le-dimanche-des-adieux\/#breadcrumb","itemListElement":[{"@type":"ListItem","position":1,"name":"Home","item":"https:\/\/www.grandchamp.org\/"},{"@type":"ListItem","position":2,"name":"Overweging van pastores Lucette Woungly-Massaga op 29 april 2018, zondag van het Afscheid nemen"}]},{"@type":"WebSite","@id":"https:\/\/www.grandchamp.org\/#website","url":"https:\/\/www.grandchamp.org\/","name":"Communaut\u00e9 de Grandchamp","description":"Site de la Communaut\u00e9 de Grandchamp \u00e0 Areuse, Suisse","publisher":{"@id":"https:\/\/www.grandchamp.org\/#organization"},"potentialAction":[{"@type":"SearchAction","target":{"@type":"EntryPoint","urlTemplate":"https:\/\/www.grandchamp.org\/?s={search_term_string}"},"query-input":{"@type":"PropertyValueSpecification","valueRequired":true,"valueName":"search_term_string"}}],"inLanguage":"nl-NL"},{"@type":"Organization","@id":"https:\/\/www.grandchamp.org\/#organization","name":"Communaut\u00e9 de Grandchamp","url":"https:\/\/www.grandchamp.org\/","logo":{"@type":"ImageObject","inLanguage":"nl-NL","@id":"https:\/\/www.grandchamp.org\/#\/schema\/logo\/image\/","url":"https:\/\/i0.wp.com\/www.grandchamp.org\/wp-content\/uploads\/2015\/12\/Communaute\u0301_Grandchamp_logodef_QUADRI.jpg?fit=2105%2C1152&ssl=1","contentUrl":"https:\/\/i0.wp.com\/www.grandchamp.org\/wp-content\/uploads\/2015\/12\/Communaute\u0301_Grandchamp_logodef_QUADRI.jpg?fit=2105%2C1152&ssl=1","width":2105,"height":1152,"caption":"Communaut\u00e9 de Grandchamp"},"image":{"@id":"https:\/\/www.grandchamp.org\/#\/schema\/logo\/image\/"},"sameAs":["https:\/\/www.facebook.com\/communautedegrandchamp\/"]},{"@type":"Person","@id":"https:\/\/www.grandchamp.org\/#\/schema\/person\/b1e836a701b56f930c065992bc060b78","name":"s. Anna-Guna","image":{"@type":"ImageObject","inLanguage":"nl-NL","@id":"https:\/\/www.grandchamp.org\/#\/schema\/person\/image\/","url":"https:\/\/secure.gravatar.com\/avatar\/8e31df7e7b1cb0964633ea3056e9557103bf68fcb19e5eccb4c666bb822ddec9?s=96&d=mm&r=g","contentUrl":"https:\/\/secure.gravatar.com\/avatar\/8e31df7e7b1cb0964633ea3056e9557103bf68fcb19e5eccb4c666bb822ddec9?s=96&d=mm&r=g","caption":"s. Anna-Guna"}}]}},"jetpack_featured_media_url":"https:\/\/i0.wp.com\/www.grandchamp.org\/wp-content\/uploads\/2016\/03\/priere-6-printemps.jpg?fit=1000%2C750&ssl=1","jetpack_shortlink":"https:\/\/wp.me\/p7jU1J-4PB","jetpack_sharing_enabled":true,"_links":{"self":[{"href":"https:\/\/www.grandchamp.org\/nl\/wp-json\/wp\/v2\/posts\/18575","targetHints":{"allow":["GET"]}}],"collection":[{"href":"https:\/\/www.grandchamp.org\/nl\/wp-json\/wp\/v2\/posts"}],"about":[{"href":"https:\/\/www.grandchamp.org\/nl\/wp-json\/wp\/v2\/types\/post"}],"author":[{"embeddable":true,"href":"https:\/\/www.grandchamp.org\/nl\/wp-json\/wp\/v2\/users\/7"}],"replies":[{"embeddable":true,"href":"https:\/\/www.grandchamp.org\/nl\/wp-json\/wp\/v2\/comments?post=18575"}],"version-history":[{"count":1,"href":"https:\/\/www.grandchamp.org\/nl\/wp-json\/wp\/v2\/posts\/18575\/revisions"}],"predecessor-version":[{"id":18576,"href":"https:\/\/www.grandchamp.org\/nl\/wp-json\/wp\/v2\/posts\/18575\/revisions\/18576"}],"wp:featuredmedia":[{"embeddable":true,"href":"https:\/\/www.grandchamp.org\/nl\/wp-json\/wp\/v2\/media\/4237"}],"wp:attachment":[{"href":"https:\/\/www.grandchamp.org\/nl\/wp-json\/wp\/v2\/media?parent=18575"}],"wp:term":[{"taxonomy":"category","embeddable":true,"href":"https:\/\/www.grandchamp.org\/nl\/wp-json\/wp\/v2\/categories?post=18575"},{"taxonomy":"post_tag","embeddable":true,"href":"https:\/\/www.grandchamp.org\/nl\/wp-json\/wp\/v2\/tags?post=18575"}],"curies":[{"name":"wp","href":"https:\/\/api.w.org\/{rel}","templated":true}]}}